{"id":310,"date":"2010-01-09T19:05:39","date_gmt":"2010-01-09T17:05:39","guid":{"rendered":"http:\/\/eventualitaetswabe.de\/?p=310"},"modified":"2010-01-09T19:20:08","modified_gmt":"2010-01-09T17:20:08","slug":"leni-riefenstahls-olympia-filme-und-medienpadagogik","status":"publish","type":"post","link":"http:\/\/eventualitaetswabe.de\/?p=310","title":{"rendered":"Leni Riefenstahls Olympia-Filme und Medienp\u00e4dagogik"},"content":{"rendered":"<div style=\"width: 310px\" class=\"wp-caption alignleft\"><a href=\"http:\/\/www.amazon.de\/Leni-Riefenstahl-Olympia-Arthaus-Premium\/dp\/B000F2C6QE\/ref=sr_1_1?ie=UTF8&amp;s=dvd&amp;qid=1263053741&amp;sr=8-1\" target=\"_blank\"><img loading=\"lazy\" decoding=\"async\" class=\" \" title=\"Riefenstahl bei Olympia\" src=\"http:\/\/ecx.images-amazon.com\/images\/I\/51DESXE8D3L._SS500_.jpg\" alt=\"Cover\" width=\"300\" height=\"300\" \/><\/a><p class=\"wp-caption-text\">Cover<\/p><\/div>\n<p>Leni Riefenstahls Filme, ihre \u00c4sthetik und ihre Rolle als Propagandistin mit Sch\u00fclern medienp\u00e4dagogisch angemessenzu behandeln, ist sicher nicht ganz banal. Im Rahmen des Film- und Videoblocks im Kurs Medien und Kommunikation steht eine Sequenz zu Riefenstahl aber schon l\u00e4nger auf der Vorhabensliste.<\/p>\n<p>Da trifft es sich sehr gut, dass die Edition <a title=\"Arthaus\" href=\"http:\/\/www.arthaus.de\/\" target=\"_blank\">Arthaus <\/a>eine ganz ausgezeichnete <a title=\"Olympia-Edition\" href=\"http:\/\/www.arthaus.de\/olympia_1_2-arthaus_premium\" target=\"_blank\">DVD-Ausgabe<\/a> der Olympia-Filme von 1936 im Programm hat.<\/p>\n<p>Die Box enth\u00e4lt 3 DVD: Die Olympia-Filme &#8220;Fest der V\u00f6lker&#8221; und Fest der Sch\u00f6nheit&#8221;, in sehr guter Qualit\u00e4t und in voller L\u00e4nge, auf den DVD einiges Bonusmaterial, ein gut gemachtes und informatives Booklet, das die umstrittene Person Riefenstahl durchaus angemessen vorstellt &#8211; das alles in einer sorgf\u00e4ltig gemachten Box.<\/p>\n<p>Das eigentliche &#8220;Schmankerl&#8221; dieser Edition ist aber die DVD Nr. 3: Ray M\u00fcllers Dokumentation &#8220;Die Macht der Bilder&#8221; von 1993. Ich kann mich noch sehr gut erinnern, dass die seinerzeit vom ZDF ausgestrahlte Doku mir das Verst\u00e4ndnis der Riefenstahl, der \u00c4sthetik ihrer Filme und ihrer Rolle im Dritten Reich sehr eindr\u00fccklich nahe gebracht hat.<\/p>\n<p>M\u00fcller begleitet die damals schon 90-J\u00e4hrige kritisch, ohne sie zu denunzieren, l\u00e4sst sie sich selbst inszenieren (und in der Parallelerz\u00e4hlung mit Handkameras auch selbst &#8220;enth\u00fcllen&#8221;.<\/p>\n<p>In der Doku selbst werden nat\u00fcrlich auch Originalausschnitte der anderen Riefenstahl-Filme verwendet &#8211; die \u00e4lteren Bergdramen, ihr Mammutprojekt &#8220;Das blaue Licht&#8221; &#8211; aber vor allem auch die Parteitagsfilme, namentlich &#8220;Triumph des Willens&#8221; (der in Deutschland nicht frei und legal zu bekommen ist). Gerade diese Ausz\u00fcge erlauben aber &#8211; in direktem Anschluss an die schon in den Olympiafilmen angelegten bild- und film\u00e4sthetischen Gestaltungsmitteln &#8211; eine Auseinandersetzung mit der propagandistischen Verwendbarkeit einer formalk\u00fcnstlerischen Ausnahmegestalt.<\/p>\n<p><!--more--><\/p>\n<p>Im Untericht selbst werden nat\u00fcrlich Ausz\u00fcge aus den Olympiafilmen und der Doku verwendet werden, es wird eine handwerkliche Analyse kleinerer Sequenzen geben &#8211; und selbstverst\u00e4ndlich Exkurse zur propagandistischen Rolle ihrer Filme, zu Fragen der Verantwortung von Kunst und K\u00fcnstler etc. Einen sch\u00fclernahen Zugriff verspreche ich mir nat\u00fcrlich von einem Vergleich der Riefenstahlschen Bild\u00e4sthetik mit der moderner Werbung &#8211; die Parallelen gerade in einer Vielzahl von Clips zu Kosmetikprodukten sind sehr augenf\u00e4llig.<\/p>\n<p>Einen sehr sch\u00f6nen Ineinanderschnitt von Original und modernen Kopien liefert zum Beispiel dieser Youtube-Clip.<\/p>\n<p>Einige Ressourcen, die mir bei der Vorbereitung auf die Sequenz sehr helfen, finden sich in meinen <a title=\"Riefenstahl-Links\" href=\"http:\/\/delicious.com\/uk63\/riefenstahl\" target=\"_blank\">delicious-Bookmarks<\/a>. Wenn geneigte Leser mit erg\u00e4nzenden Quellen oder gar Unterrichtsvorschl\u00e4gen aufwarten k\u00f6nnen, w\u00fcrde mich das nat\u00fcrlich freuen \ud83d\ude42<\/p>\n<div style=\"float:left;margin:0 10px 5px 0;\"><object classid=\"clsid:d27cdb6e-ae6d-11cf-96b8-444553540000\" width=\"425\" height=\"344\" codebase=\"http:\/\/download.macromedia.com\/pub\/shockwave\/cabs\/flash\/swflash.cab#version=6,0,40,0\"><param name=\"allowFullScreen\" value=\"true\" \/><param name=\"allowscriptaccess\" value=\"always\" \/><param name=\"src\" value=\"http:\/\/www.youtube.com\/v\/ouUk0YRDLAM&amp;hl=de_DE&amp;fs=1&amp;rel=0\" \/><param name=\"allowfullscreen\" value=\"true\" \/><embed type=\"application\/x-shockwave-flash\" width=\"425\" height=\"344\" src=\"http:\/\/www.youtube.com\/v\/ouUk0YRDLAM&amp;hl=de_DE&amp;fs=1&amp;rel=0\" allowscriptaccess=\"always\" allowfullscreen=\"true\"><\/embed><\/object><\/div>\n<p>Besonders aufschlussreich &#8211; wenn auch leider nicht mehr ganz aktuell (viele tote Links) &#8211; ist das recht umf\u00e4ngliche <a title=\"Riefenstahl-Projekt\" href=\"http:\/\/www.ruhr-uni-bochum.de\/riefenstahl\/home.shtml\" target=\"_blank\">Riefenstahl-Projekt<\/a> der Ruhr-Uni Bochum.<\/p>\n<p>Die Einheit ist noch nicht ganz fertig &#8211; aber ich freu mich jetzt schon drauf.<\/p>\n","protected":false},"excerpt":{"rendered":"<p class=\"wp-caption-text\">Cover<\/p>\n<p>Leni Riefenstahls Filme, ihre \u00c4sthetik und ihre Rolle als Propagandistin mit Sch\u00fclern medienp\u00e4dagogisch angemessenzu behandeln, ist sicher nicht ganz banal. Im Rahmen des Film- und Videoblocks im Kurs Medien und Kommunikation steht eine Sequenz zu Riefenstahl aber schon l\u00e4nger auf der Vorhabensliste.<\/p>\n<p>Da trifft es sich sehr gut, dass die Edition Arthaus eine [&#8230;]<\/p>\n","protected":false},"author":1,"featured_media":0,"comment_status":"open","ping_status":"open","sticky":false,"template":"","format":"standard","meta":{"footnotes":""},"categories":[28,4],"tags":[29],"class_list":["post-310","post","type-post","status-publish","format-standard","hentry","category-gesehenes","category-medienpadagogik","tag-film","odd"],"_links":{"self":[{"href":"http:\/\/eventualitaetswabe.de\/index.php?rest_route=\/wp\/v2\/posts\/310","targetHints":{"allow":["GET"]}}],"collection":[{"href":"http:\/\/eventualitaetswabe.de\/index.php?rest_route=\/wp\/v2\/posts"}],"about":[{"href":"http:\/\/eventualitaetswabe.de\/index.php?rest_route=\/wp\/v2\/types\/post"}],"author":[{"embeddable":true,"href":"http:\/\/eventualitaetswabe.de\/index.php?rest_route=\/wp\/v2\/users\/1"}],"replies":[{"embeddable":true,"href":"http:\/\/eventualitaetswabe.de\/index.php?rest_route=%2Fwp%2Fv2%2Fcomments&post=310"}],"version-history":[{"count":11,"href":"http:\/\/eventualitaetswabe.de\/index.php?rest_route=\/wp\/v2\/posts\/310\/revisions"}],"predecessor-version":[{"id":318,"href":"http:\/\/eventualitaetswabe.de\/index.php?rest_route=\/wp\/v2\/posts\/310\/revisions\/318"}],"wp:attachment":[{"href":"http:\/\/eventualitaetswabe.de\/index.php?rest_route=%2Fwp%2Fv2%2Fmedia&parent=310"}],"wp:term":[{"taxonomy":"category","embeddable":true,"href":"http:\/\/eventualitaetswabe.de\/index.php?rest_route=%2Fwp%2Fv2%2Fcategories&post=310"},{"taxonomy":"post_tag","embeddable":true,"href":"http:\/\/eventualitaetswabe.de\/index.php?rest_route=%2Fwp%2Fv2%2Ftags&post=310"}],"curies":[{"name":"wp","href":"https:\/\/api.w.org\/{rel}","templated":true}]}}