{"id":1053,"date":"2013-08-18T15:10:54","date_gmt":"2013-08-18T13:10:54","guid":{"rendered":"http:\/\/eventualitaetswabe.de\/?p=1053"},"modified":"2013-08-18T17:05:11","modified_gmt":"2013-08-18T15:05:11","slug":"themenheft-bilder","status":"publish","type":"post","link":"http:\/\/eventualitaetswabe.de\/?p=1053","title":{"rendered":"Themenheft &#8220;Bilder&#8221;"},"content":{"rendered":"<p><img loading=\"lazy\" decoding=\"async\" class=\"alignleft\" style=\"margin: 5px;\" alt=\"Cover Bilder\" src=\"http:\/\/www.friedrich-verlag.de\/data\/8087F84FBC305BD1C8C833942A60715B.0.jpg\" width=\"300\" height=\"424\" \/>Kurzer Werbeblock: Eben ist das <a title=\"Info Heft\" href=\"http:\/\/www.friedrich-verlag.de\/go\/?action=ShowProd&amp;prod_uuid=XAKCVHXXLY6J1X8IO8U82OD529UVITEM&amp;continue=NewProducts\" target=\"_blank\">Themenheft &#8220;Bilder&#8221;<\/a> bei Computer + Unterricht erschienen, herausgegeben von <a title=\"W-Rs Blog\" href=\"http:\/\/medienkompetenzrevisited.com\/\">Wolf-R\u00fcdiger Wagner<\/a> und mir. Im Heft eine gro\u00dfe Anzahl von hoffentlich lesenswerten <a title=\"Inhaltsverzeichnis als pdf\" href=\"https:\/\/www.etracker.de\/lnkcnt.php?et=NTmoyx&amp;url=https:\/\/www.friedrich-verlag.de\/data\/8089560ABC305BD1C8C89CB928DC94F2.0.pdf&amp;lnkname=www.friedrich-verlag.de%2C+Computer+%2B+Unterricht+Nr.91%3A+531091_Inhaltsverzeichnis\" target=\"_blank\">Artikeln <\/a>zum Medium Bild \/ Fotografie in ganz unterschiedlichen Fach- und Unterrichtszusammenh\u00e4ngen.<\/p>\n<p>&#8220;Bilder&#8221; ist mein Erstling als Mitherausgeber &#8211; das war eine h\u00f6chst interessante, sehr intensive Erfahrung, bei der ich sehr viel von den &#8220;alten Hasen&#8221; lernen konnte: n\u00e4mlich von Wolf-R\u00fcdiger Wagner, der auf reiche Erfahrungen bei C+U zur\u00fcckgreifen kann, und von der verantwortlichen Redakteurin beim Verlag. Angesichts des Arbeitspensums und der Hilfsbereitschaft der beiden bef\u00e4llt den Neuling Demut \ud83d\ude09<\/p>\n","protected":false},"excerpt":{"rendered":"<p>Kurzer Werbeblock: Eben ist das Themenheft &#8220;Bilder&#8221; bei Computer + Unterricht erschienen, herausgegeben von Wolf-R\u00fcdiger Wagner und mir. Im Heft eine gro\u00dfe Anzahl von hoffentlich lesenswerten Artikeln zum Medium Bild \/ Fotografie in ganz unterschiedlichen Fach- und Unterrichtszusammenh\u00e4ngen.<\/p>\n<p>&#8220;Bilder&#8221; ist mein Erstling als Mitherausgeber &#8211; das war eine h\u00f6chst interessante, sehr intensive Erfahrung, bei der [&#8230;]<\/p>\n","protected":false},"author":1,"featured_media":0,"comment_status":"open","ping_status":"open","sticky":false,"template":"","format":"standard","meta":{"footnotes":""},"categories":[5,7,4],"tags":[25,24],"class_list":["post-1053","post","type-post","status-publish","format-standard","hentry","category-fotografie","category-gelesenes","category-medienpadagogik","tag-padagogik","tag-projekte","odd"],"_links":{"self":[{"href":"http:\/\/eventualitaetswabe.de\/index.php?rest_route=\/wp\/v2\/posts\/1053","targetHints":{"allow":["GET"]}}],"collection":[{"href":"http:\/\/eventualitaetswabe.de\/index.php?rest_route=\/wp\/v2\/posts"}],"about":[{"href":"http:\/\/eventualitaetswabe.de\/index.php?rest_route=\/wp\/v2\/types\/post"}],"author":[{"embeddable":true,"href":"http:\/\/eventualitaetswabe.de\/index.php?rest_route=\/wp\/v2\/users\/1"}],"replies":[{"embeddable":true,"href":"http:\/\/eventualitaetswabe.de\/index.php?rest_route=%2Fwp%2Fv2%2Fcomments&post=1053"}],"version-history":[{"count":3,"href":"http:\/\/eventualitaetswabe.de\/index.php?rest_route=\/wp\/v2\/posts\/1053\/revisions"}],"predecessor-version":[{"id":1056,"href":"http:\/\/eventualitaetswabe.de\/index.php?rest_route=\/wp\/v2\/posts\/1053\/revisions\/1056"}],"wp:attachment":[{"href":"http:\/\/eventualitaetswabe.de\/index.php?rest_route=%2Fwp%2Fv2%2Fmedia&parent=1053"}],"wp:term":[{"taxonomy":"category","embeddable":true,"href":"http:\/\/eventualitaetswabe.de\/index.php?rest_route=%2Fwp%2Fv2%2Fcategories&post=1053"},{"taxonomy":"post_tag","embeddable":true,"href":"http:\/\/eventualitaetswabe.de\/index.php?rest_route=%2Fwp%2Fv2%2Ftags&post=1053"}],"curies":[{"name":"wp","href":"https:\/\/api.w.org\/{rel}","templated":true}]}}